{"id":952,"date":"2023-12-23T15:15:41","date_gmt":"2023-12-23T15:15:41","guid":{"rendered":"https:\/\/www.latabledeseleveurs.fr\/blog\/?p=952"},"modified":"2023-12-23T15:15:42","modified_gmt":"2023-12-23T15:15:42","slug":"livraisons-nouveau-transporteur","status":"publish","type":"post","link":"https:\/\/www.latabledeseleveurs.fr\/blog\/livraisons-nouveau-transporteur\/","title":{"rendered":"Livraisons : nouveau transporteur"},"content":{"rendered":"\n<p>Nous vous faisions part d\u00e9but septembre, de <a href=\"https:\/\/www.latabledeseleveurs.fr\/blog\/chronofresh-et-livraisons-cahotiques\/\">nos difficult\u00e9s avec le transporteur actuel<\/a>.<br>Apr\u00e8s de longs mois, nous sommes enfin en mesure de nous lancer avec un nouveau transporteur.<\/p>\n\n\n\n<p>Plusieurs difficult\u00e9s \u00e9taient \u00e0 lever, puisque le nouveau transporteur ne fait pas de transport frigorifique.<\/p>\n\n\n\n<p>Nous avons donc d\u00fb trouver des solutions techniques, garantissant la cha\u00eene du froid.<\/p>\n\n\n\n<h2 class=\"wp-block-heading\">Nouveau transporteur<\/h2>\n\n\n\n<p>Nous allons donc dor\u00e9navant utiliser UPS, qui garantit une livraison en 24h dans toute la France.<br>La Corse fera \u00e9galement partie des destinations possibles (pas imm\u00e9diatement, mais courant janvier 2024).<br>L&rsquo;Europe sera aussi \u00e0 port\u00e9e de livraison, courant 2024, puisque nous avons r\u00e9guli\u00e8rement des demandes.<\/p>\n\n\n\n<p>UPS pourra livrer \u00e0 domicile, ou au bureau.<br>Si vous n&rsquo;\u00eates pas pr\u00e9sent, le colis sera d\u00e9pos\u00e9 en point-relais UPS.<\/p>\n\n\n\n<p>D\u00e9marrage le 3 janvier 2024.<br>D\u00e9part du mardi au jeudi, pour livraison du mercredi au vendredi chez vous.<\/p>\n\n\n\n<h2 class=\"wp-block-heading\">Nouvel emballage<\/h2>\n\n\n\n<p>UPS n&rsquo;\u00e9tant pas un transporteur frigorifique, nous utiliserons des emballages isothermes.<br>Les emballages sont certifi\u00e9s pour 48h.<\/p>\n\n\n\n<p>L&#8217;emballage isotherme est compos\u00e9 de 3 parties :<\/p>\n\n\n\n<ul class=\"wp-block-list\">\n<li>un carton double cannelure adapt\u00e9<\/li>\n\n\n\n<li>un emballage isotherme mince, (\u00e9quivalent \u00e0 24mm), certifi\u00e9 par UPS depuis 2014<\/li>\n\n\n\n<li>des packs r\u00e9frig\u00e9rants pour produits alimentaires<\/li>\n<\/ul>\n\n\n\n<h2 class=\"wp-block-heading\">Nouvelles contraintes<\/h2>\n\n\n\n<h3 class=\"wp-block-heading\">Pas de livraison le samedi<\/h3>\n\n\n\n<p>Actuellement, nous ne pourrons pas proposer la livraison le samedi.<br>Nous sommes en train de n\u00e9gocier le suppl\u00e9ment tarifaire de la livraison le samedi, pour le proposer assez rapidement.<\/p>\n\n\n\n<h3 class=\"wp-block-heading\">Absent ? livraison en point relais<\/h3>\n\n\n\n<p>Si vous \u00eates absent, il n&rsquo;y a pas de relivraison le lendemain comme actuellement.<br>Le colis est d\u00e9pos\u00e9 au point-relais le plus proche. Vous devrez alors aller le chercher au plus vite, pour que les produits restent dans la cha\u00eene du froid.<\/p>\n\n\n\n<h3 class=\"wp-block-heading\">Retard de livraison, d\u00fb au transporteur ?<\/h3>\n\n\n\n<p>Si jamais le transporteur livre en retard, il est possible que votre commande soit sortie de la cha\u00eene du froid. Vous devrez alors contr\u00f4ler d\u00e8s r\u00e9ception la marchandise, pour voir si la temp\u00e9rature est toujours en dessous de 8\u00b0.<\/p>\n\n\n\n<p>Un retard de 24h de la livraison, ne devrait pas impacter la qualit\u00e9, car les emballages sont certifi\u00e9s pour 48h.<\/p>\n\n\n\n<p>Si les produits ne sont plus dans la cha\u00eene du froid, revenez vers nous, nous assumerons le retard.<\/p>\n\n\n\n<h3 class=\"wp-block-heading\">Retard de livraison, d\u00fb \u00e0 votre absence ?<\/h3>\n\n\n\n<p>L\u00e0, nous ne pourrons pas vous rembourser.<br>Si les produits sont sortis de la cha\u00eene du froid, il faudra les d\u00e9truire.<\/p>\n","protected":false},"excerpt":{"rendered":"<p>Nous vous faisions part d\u00e9but septembre, de nos difficult\u00e9s avec le transporteur actuel.Apr\u00e8s de longs mois, nous sommes enfin en mesure de nous lancer avec un nouveau transporteur. Plusieurs difficult\u00e9s \u00e9taient \u00e0 lever, puisque le nouveau transporteur ne fait pas de transport frigorifique. Nous avons donc d\u00fb trouver des solutions techniques, garantissant la cha\u00eene du <a href=\"https:\/\/www.latabledeseleveurs.fr\/blog\/livraisons-nouveau-transporteur\/\"> lire la suite <span class=\"meta-nav\">&raquo;<\/span><\/a><\/p>\n","protected":false},"author":1,"featured_media":953,"comment_status":"open","ping_status":"open","sticky":false,"template":"","format":"standard","meta":{"footnotes":""},"categories":[691],"tags":[],"class_list":["post-952","post","type-post","status-publish","format-standard","has-post-thumbnail","hentry","category-livraisons","author-admin","livraisons"],"_links":{"self":[{"href":"https:\/\/www.latabledeseleveurs.fr\/blog\/wp-json\/wp\/v2\/posts\/952","targetHints":{"allow":["GET"]}}],"collection":[{"href":"https:\/\/www.latabledeseleveurs.fr\/blog\/wp-json\/wp\/v2\/posts"}],"about":[{"href":"https:\/\/www.latabledeseleveurs.fr\/blog\/wp-json\/wp\/v2\/types\/post"}],"author":[{"embeddable":true,"href":"https:\/\/www.latabledeseleveurs.fr\/blog\/wp-json\/wp\/v2\/users\/1"}],"replies":[{"embeddable":true,"href":"https:\/\/www.latabledeseleveurs.fr\/blog\/wp-json\/wp\/v2\/comments?post=952"}],"version-history":[{"count":1,"href":"https:\/\/www.latabledeseleveurs.fr\/blog\/wp-json\/wp\/v2\/posts\/952\/revisions"}],"predecessor-version":[{"id":954,"href":"https:\/\/www.latabledeseleveurs.fr\/blog\/wp-json\/wp\/v2\/posts\/952\/revisions\/954"}],"wp:featuredmedia":[{"embeddable":true,"href":"https:\/\/www.latabledeseleveurs.fr\/blog\/wp-json\/wp\/v2\/media\/953"}],"wp:attachment":[{"href":"https:\/\/www.latabledeseleveurs.fr\/blog\/wp-json\/wp\/v2\/media?parent=952"}],"wp:term":[{"taxonomy":"category","embeddable":true,"href":"https:\/\/www.latabledeseleveurs.fr\/blog\/wp-json\/wp\/v2\/categories?post=952"},{"taxonomy":"post_tag","embeddable":true,"href":"https:\/\/www.latabledeseleveurs.fr\/blog\/wp-json\/wp\/v2\/tags?post=952"}],"curies":[{"name":"wp","href":"https:\/\/api.w.org\/{rel}","templated":true}]}}