{"id":944,"date":"2023-09-07T06:48:05","date_gmt":"2023-09-07T06:48:05","guid":{"rendered":"https:\/\/www.latabledeseleveurs.fr\/blog\/?p=944"},"modified":"2023-09-07T07:13:27","modified_gmt":"2023-09-07T07:13:27","slug":"chronofresh-et-livraisons-cahotiques","status":"publish","type":"post","link":"https:\/\/www.latabledeseleveurs.fr\/blog\/chronofresh-et-livraisons-cahotiques\/","title":{"rendered":"Chronofresh et livraisons&#8230; cahotiques"},"content":{"rendered":"\n<p>Depuis quelques semaines, les livraisons ChronoFresh ne sont pas vraiment \u00e0 la hauteur.<br>Et que dire du SAV ?<\/p>\n\n\n\n<h2 class=\"wp-block-heading\"><strong>Nombreux retards, et parfois plus de 24h.<\/strong><\/h2>\n\n\n\n<p>M\u00eame si la chaine du froid est toujours respect\u00e9e (au moins, ils sont fiables \u00e0 ce niveau-l\u00e0), c&rsquo;est extr\u00eamement d\u00e9sagr\u00e9able pour les clients d&rsquo;\u00eatre livr\u00e9 tr\u00e8s souvent en retard. Il faut se rendre disponible pour avoir une livraison, qui peut \u00eatre \u00e0 nouveau d\u00e9cal\u00e9e de 24h.<\/p>\n\n\n\n<p>Les livreurs que vous rencontrez n&rsquo;y sont bien souvent pour rien, tout se joue en g\u00e9n\u00e9ral avant.<br>Il y a sans doute aussi de temps en temps des livreurs moins consciencieux que d&rsquo;autres, mais c&rsquo;est normalement \u00e0 la marge.<\/p>\n\n\n\n<p>Par contre, il peut arriver, que sur un secteur, il n&rsquo;y ait plus de livreur ! C&rsquo;est arriv\u00e9, il y a quelques semaines. Quelles informations sont donn\u00e9es \u00e0 vous le client ? Aucune.<br>A nous l&rsquo;exp\u00e9diteur ? Aucune.<br>Sur le suivi, le colis ne bouge plus. Nous apprenons apr\u00e8s plusieurs mails, qu&rsquo;il n&rsquo;y a \u00ab\u00a0juste\u00a0\u00bb pas de livreur sur le secteur du client !<\/p>\n\n\n\n<p>Et voil\u00e0, un client m\u00e9content contre Chronofresh, mais qui ne recommandera peut-\u00eatre plus.<br>Bien s\u00fbr, nous l&rsquo;avons rembours\u00e9. Par contre, nous attendons toujours le remboursement de Chronofresh, pour la commande perdue ! Et ce n&rsquo;est pas la seule qu e nous attendons&#8230;<\/p>\n\n\n\n<h3 class=\"wp-block-heading\">Nouveau : retards non indemnis\u00e9<\/h3>\n\n\n\n<p>Avant mi-mars, nous obtenions presque syst\u00e9matiquement, un remboursement des frais de livraisons, lors des retards. Ce qui vous \u00e9tait r\u00e9troc\u00e9d\u00e9, pour vos prochaines commandes.<\/p>\n\n\n\n<p>Depuis, c&rsquo;est la croix et la banni\u00e8re, pour \u00eatre indemnis\u00e9 des retards. De nouvelles exigences, contraires au contrat sign\u00e9, ont \u00e9t\u00e9 mises en place. Et \u00e7a bloque dans 95% des cas.<\/p>\n\n\n\n<p>Devant l&rsquo;impossibilit\u00e9 de revenir \u00e0 une situation normale, c&rsquo;est parti \u00e0 notre protection juridique fin ao\u00fbt, pour essayer de faire respecter le contrat.<\/p>\n\n\n\n<h2 class=\"wp-block-heading\">Nouvelle carte J+2<\/h2>\n\n\n\n<p>Chronofresh, pour am\u00e9liorer ses d\u00e9lais de livraisons a choisi d&rsquo;\u00e9tendre la livraison \u00e0 J+2.<br>Oui, plut\u00f4t que d&rsquo;am\u00e9liorer le service, il suffit d&rsquo;allonger les d\u00e9lais annonc\u00e9s, pour rentrer dans de bonnes stats.<\/p>\n\n\n\n<p>Admettons : au moins, le client saura au moment de la commande, qu&rsquo;il sera livr\u00e9 en J+2 et pas J+1.<br>Mais petit probl\u00e8me&#8230; La carte est visiblement secr\u00e8te !<br>On nous l&rsquo;annonce depuis juin.<br>Une correspondante manager SAV, au t\u00e9l\u00e9phone hier, nous affirme que la carte \u00ab\u00a0actuelle\u00a0\u00bb (mais secr\u00e8te) est appliqu\u00e9e depuis 2021 !<\/p>\n\n\n\n<p>Pour ne pas \u00eatre mauvaise langue&#8230; nous avons quand m\u00eame re\u00e7u mi juillet, un lien vers un document dynamique, nous permettant de voir la carte J+2. Le commercial affirmant que tel d\u00e9partement est bien \u00e0 J+2<br>Sauf que non, le d\u00e9partement en question est toujours affich\u00e9 en J+1.<\/p>\n\n\n\n<h2 class=\"wp-block-heading\">SAV<\/h2>\n\n\n\n<p>C&rsquo;est vite vu, vous n&rsquo;arrivez pas \u00e0 les joindre.<br>Nous non plus !<\/p>\n\n\n\n<h2 class=\"wp-block-heading\">En conclusion<\/h2>\n\n\n\n<p>Lorsque vous commandez sur La Table des \u00c9leveurs, on vous annonce un d\u00e9lai de livraison \u00e0 J+1 ou J+2.<br>Il \u00e9tait fiable (relativement, car 100%, \u00e7a n&rsquo;existe pas) avant.<\/p>\n\n\n\n<p>Maintenant, nous ne savons plus quoi dire.<br>Sachant qu&rsquo;un certain nombre de d\u00e9partements sont visiblement pass\u00e9s \u00e0 J+2&#8230;<\/p>\n\n\n\n<p>\u00c9videmment, la solution est tr\u00e8s certainement d&rsquo;aller voir \u00e0 la concurrence. Est-ce que \u00e7a peut \u00eatre pire ?<br>Mais il y a un probl\u00e8me de cha\u00eene du froid \u00e0 respecter, et c&rsquo;est l\u00e0 que tout se complique.<\/p>\n\n\n\n<h3 class=\"wp-block-heading\">Alors quoi faire ? Nous ne savons plus !<\/h3>\n\n\n\n<p>D\u00e9j\u00e0, un grand merci \u00e0 tous les clients fid\u00e8les, qui restent malgr\u00e9 les probl\u00e8mes trop r\u00e9guliers de retards de livraison.<\/p>\n\n\n\n<p>Merci aussi aux nouveaux clients, qui malgr\u00e9 une premi\u00e8re exp\u00e9rience de livraison retard\u00e9e, ne nous en tiennent pas rigueur, et reviennent.<\/p>\n\n\n\n<p>Si quelqu&rsquo;un a une solution \u00ab\u00a0magique\u00a0\u00bb \u00e0 nous proposer, nous sommes preneur !<br>Car c&rsquo;est \u00e9puisant pour nous aussi, de devoir me battre avec Chronofresh.<\/p>\n\n\n\n<figure class=\"wp-block-image size-full\"><a href=\"https:\/\/www.latabledeseleveurs.fr\/blog\/wp-content\/uploads\/2023\/09\/chronofresh.jpg\"><img loading=\"lazy\" decoding=\"async\" width=\"544\" height=\"500\" src=\"https:\/\/www.latabledeseleveurs.fr\/blog\/wp-content\/uploads\/2023\/09\/chronofresh.jpg\" alt=\"\" class=\"wp-image-945\" srcset=\"https:\/\/www.latabledeseleveurs.fr\/blog\/wp-content\/uploads\/2023\/09\/chronofresh.jpg 544w, https:\/\/www.latabledeseleveurs.fr\/blog\/wp-content\/uploads\/2023\/09\/chronofresh-300x276.jpg 300w\" sizes=\"auto, (max-width: 544px) 100vw, 544px\" \/><\/a><\/figure>\n\n\n\n<h2 class=\"wp-block-heading\">Livraisons dans les temps ?<\/h2>\n\n\n\n<p>Oui heureusement qu&rsquo;il y en a !<br>Aux derni\u00e8res stats officielles (juillet 2022) 75% de clients livr\u00e9s dans le d\u00e9lai annonc\u00e9.<br>Depuis, \u00e7a a certainement baiss\u00e9, probablement 70%.<\/p>\n\n\n\n<p><strong>MAIS, nous devrions \u00eatre \u00e0 95% de livraison dans les temps !<\/strong><\/p>\n","protected":false},"excerpt":{"rendered":"<p>Depuis quelques semaines, les livraisons ChronoFresh ne sont pas vraiment \u00e0 la hauteur.Et que dire du SAV ? Nombreux retards, et parfois plus de 24h. M\u00eame si la chaine du froid est toujours respect\u00e9e (au moins, ils sont fiables \u00e0 ce niveau-l\u00e0), c&rsquo;est extr\u00eamement d\u00e9sagr\u00e9able pour les clients d&rsquo;\u00eatre livr\u00e9 tr\u00e8s souvent en retard. Il <a href=\"https:\/\/www.latabledeseleveurs.fr\/blog\/chronofresh-et-livraisons-cahotiques\/\"> lire la suite <span class=\"meta-nav\">&raquo;<\/span><\/a><\/p>\n","protected":false},"author":1,"featured_media":945,"comment_status":"open","ping_status":"open","sticky":false,"template":"","format":"standard","meta":{"footnotes":""},"categories":[691],"tags":[],"class_list":["post-944","post","type-post","status-publish","format-standard","has-post-thumbnail","hentry","category-livraisons","author-admin","livraisons"],"_links":{"self":[{"href":"https:\/\/www.latabledeseleveurs.fr\/blog\/wp-json\/wp\/v2\/posts\/944","targetHints":{"allow":["GET"]}}],"collection":[{"href":"https:\/\/www.latabledeseleveurs.fr\/blog\/wp-json\/wp\/v2\/posts"}],"about":[{"href":"https:\/\/www.latabledeseleveurs.fr\/blog\/wp-json\/wp\/v2\/types\/post"}],"author":[{"embeddable":true,"href":"https:\/\/www.latabledeseleveurs.fr\/blog\/wp-json\/wp\/v2\/users\/1"}],"replies":[{"embeddable":true,"href":"https:\/\/www.latabledeseleveurs.fr\/blog\/wp-json\/wp\/v2\/comments?post=944"}],"version-history":[{"count":3,"href":"https:\/\/www.latabledeseleveurs.fr\/blog\/wp-json\/wp\/v2\/posts\/944\/revisions"}],"predecessor-version":[{"id":949,"href":"https:\/\/www.latabledeseleveurs.fr\/blog\/wp-json\/wp\/v2\/posts\/944\/revisions\/949"}],"wp:featuredmedia":[{"embeddable":true,"href":"https:\/\/www.latabledeseleveurs.fr\/blog\/wp-json\/wp\/v2\/media\/945"}],"wp:attachment":[{"href":"https:\/\/www.latabledeseleveurs.fr\/blog\/wp-json\/wp\/v2\/media?parent=944"}],"wp:term":[{"taxonomy":"category","embeddable":true,"href":"https:\/\/www.latabledeseleveurs.fr\/blog\/wp-json\/wp\/v2\/categories?post=944"},{"taxonomy":"post_tag","embeddable":true,"href":"https:\/\/www.latabledeseleveurs.fr\/blog\/wp-json\/wp\/v2\/tags?post=944"}],"curies":[{"name":"wp","href":"https:\/\/api.w.org\/{rel}","templated":true}]}}