{"id":627,"date":"2016-04-16T12:33:04","date_gmt":"2016-04-16T12:33:04","guid":{"rendered":"http:\/\/www.latabledeseleveurs.fr\/blog\/?p=627"},"modified":"2016-05-25T14:14:54","modified_gmt":"2016-05-25T14:14:54","slug":"sante-et-viande-leternel-debat","status":"publish","type":"post","link":"https:\/\/www.latabledeseleveurs.fr\/blog\/sante-et-viande-leternel-debat\/","title":{"rendered":"Sant\u00e9 et viande, l&rsquo;\u00e9ternel d\u00e9bat"},"content":{"rendered":"<p>Les joutes d\u2019id\u00e9es se poursuivent concernant ce th\u00e8me si cher aux \u00e9cologistes, aux adeptes du v\u00e9g\u00e9talisme\u2026 On ne passe aucune page de Google sans que quelques sites ne d\u00e9nigrent l\u2019une des plus nobles des denr\u00e9es de tous les temps, la viande. Comme toujours, on lui attribue une suite de m\u00e9faits sur la sant\u00e9 humaine. Avant, les \u00e9tudes men\u00e9es \u00e9valuaient et confirmaient g\u00e9n\u00e9ralement des \u00ab risques \u00bb plut\u00f4t que des faits av\u00e9r\u00e9s. D\u2019autres r\u00e9v\u00e9lations r\u00e9centes ?<\/p>\n<p><strong>En gros, la viande est-elle vraiment mauvaise pour la sant\u00e9 ?<\/strong><\/p>\n<p>Dans la plupart des magazines qui militent pour l\u2019\u00e9radication de la viande de l\u2019alimentation humaine, on lit souvent ce type de phrase : \u00ab la surconsommation de viande tend \u00e0 rehausser le risque de\u2026 \u00bb. Que peut-on y remarquer que l\u2019usage de certains mots donnant \u00e0 la phrase un poids relatif. Si on reformule cet \u00e9nonc\u00e9, \u00e7a donne ceci : il ne faut pas abuser parce \u00e7a pourrait\u2026 Or, tout ce qui est abus est forc\u00e9ment nocif, et un risque n\u2019est pas encore un fait.  <\/p>\n<p><a href=\"http:\/\/www.latabledeseleveurs.fr\/blog\/wp-content\/uploads\/2016\/04\/sante.jpg\"><img loading=\"lazy\" decoding=\"async\" src=\"http:\/\/www.latabledeseleveurs.fr\/blog\/wp-content\/uploads\/2016\/04\/sante.jpg\" alt=\"\" title=\"sante\" width=\"426\" height=\"282\" class=\"aligncenter size-full wp-image-628\" srcset=\"https:\/\/www.latabledeseleveurs.fr\/blog\/wp-content\/uploads\/2016\/04\/sante.jpg 426w, https:\/\/www.latabledeseleveurs.fr\/blog\/wp-content\/uploads\/2016\/04\/sante-300x198.jpg 300w\" sizes=\"auto, (max-width: 426px) 100vw, 426px\" \/><\/a><\/p>\n<p>C\u2019est dire d\u2019un petit manque d\u2019informations sur les impacts r\u00e9els de l\u2019ingurgitation de produits carn\u00e9s sur la sant\u00e9. Par contre, on ne peut nier que les produits transform\u00e9s ont un impact plus probable sur la sant\u00e9 humaine, du fait de l\u2019introduction de produits chimiques divers et des conditions de production. Mais l\u00e0 aussi, le caract\u00e8re dangereux de la denr\u00e9e am\u00e8ne \u00e0 consid\u00e9rer d\u2019autres param\u00e8tres, comme sa provenance ou le mode d\u2019\u00e9levage par exemple.<\/p>\n<p><strong>Que manger plus et que manger moins ?<\/strong><\/p>\n<p>Rien ne vaut l\u2019\u00e9quilibre, quitte \u00e0 se faire aider par un di\u00e9t\u00e9ticien. La quantit\u00e9 quotidienne juste de viande varie bien entendu d\u2019un sp\u00e9cialiste \u00e0 l\u2019autre, allant de 75 g ou 150 g par semaine, \u00e0 100 g par jour au maximum. Mais il faudrait \u00e9galement balancer la consommation de viande blanche et de viande rouge. La premi\u00e8re \u00ab serait \u00bb moins nocive que la seconde. <\/p>\n","protected":false},"excerpt":{"rendered":"<p>Les joutes d\u2019id\u00e9es se poursuivent concernant ce th\u00e8me si cher aux \u00e9cologistes, aux adeptes du v\u00e9g\u00e9talisme\u2026 On ne passe aucune page de Google sans que quelques sites ne d\u00e9nigrent l\u2019une des plus nobles des denr\u00e9es de tous les temps, la viande. Comme toujours, on lui attribue une suite de m\u00e9faits sur la sant\u00e9 humaine. Avant, <a href=\"https:\/\/www.latabledeseleveurs.fr\/blog\/sante-et-viande-leternel-debat\/\"> lire la suite <span class=\"meta-nav\">&raquo;<\/span><\/a><\/p>\n","protected":false},"author":1,"featured_media":629,"comment_status":"open","ping_status":"open","sticky":false,"template":"","format":"standard","meta":{"footnotes":""},"categories":[9,14,13],"tags":[377,61,427,96,54,206,205],"class_list":["post-627","post","type-post","status-publish","format-standard","has-post-thumbnail","hentry","category-accueil","category-autour-de-la-viande","category-sante","tag-alimentation","tag-nocivite","tag-quantite","tag-risque","tag-sante-2","tag-viande-blanche","tag-viande-rouge","author-admin","accueil","autour-de-la-viande","sante"],"_links":{"self":[{"href":"https:\/\/www.latabledeseleveurs.fr\/blog\/wp-json\/wp\/v2\/posts\/627","targetHints":{"allow":["GET"]}}],"collection":[{"href":"https:\/\/www.latabledeseleveurs.fr\/blog\/wp-json\/wp\/v2\/posts"}],"about":[{"href":"https:\/\/www.latabledeseleveurs.fr\/blog\/wp-json\/wp\/v2\/types\/post"}],"author":[{"embeddable":true,"href":"https:\/\/www.latabledeseleveurs.fr\/blog\/wp-json\/wp\/v2\/users\/1"}],"replies":[{"embeddable":true,"href":"https:\/\/www.latabledeseleveurs.fr\/blog\/wp-json\/wp\/v2\/comments?post=627"}],"version-history":[{"count":3,"href":"https:\/\/www.latabledeseleveurs.fr\/blog\/wp-json\/wp\/v2\/posts\/627\/revisions"}],"predecessor-version":[{"id":698,"href":"https:\/\/www.latabledeseleveurs.fr\/blog\/wp-json\/wp\/v2\/posts\/627\/revisions\/698"}],"wp:featuredmedia":[{"embeddable":true,"href":"https:\/\/www.latabledeseleveurs.fr\/blog\/wp-json\/wp\/v2\/media\/629"}],"wp:attachment":[{"href":"https:\/\/www.latabledeseleveurs.fr\/blog\/wp-json\/wp\/v2\/media?parent=627"}],"wp:term":[{"taxonomy":"category","embeddable":true,"href":"https:\/\/www.latabledeseleveurs.fr\/blog\/wp-json\/wp\/v2\/categories?post=627"},{"taxonomy":"post_tag","embeddable":true,"href":"https:\/\/www.latabledeseleveurs.fr\/blog\/wp-json\/wp\/v2\/tags?post=627"}],"curies":[{"name":"wp","href":"https:\/\/api.w.org\/{rel}","templated":true}]}}