{"id":531,"date":"2015-12-28T11:17:52","date_gmt":"2015-12-28T11:17:52","guid":{"rendered":"http:\/\/www.latabledeseleveurs.fr\/blog\/?p=531"},"modified":"2016-01-06T15:24:39","modified_gmt":"2016-01-06T15:24:39","slug":"du-boeuf-au-curry-et-aux-fruits","status":"publish","type":"post","link":"https:\/\/www.latabledeseleveurs.fr\/blog\/du-boeuf-au-curry-et-aux-fruits\/","title":{"rendered":"Du b\u0153uf au curry et aux fruits"},"content":{"rendered":"<p>Le sucr\u00e9-sal\u00e9-acidul\u00e9 est un mode culinaire assez inhabituel pour la cuisson du b\u0153uf. Mais ce n\u2019est ni impossible, ni extravagant, ni mauvais. C\u2019est m\u00eame un plat de premier choix pour les f\u00eates qui approchent\u00a0! Alors sans tarder, faites un plan apr\u00e8s avoir lu ce qui suit.<\/p>\n<p><strong>Quelle partie du b\u0153uf choisir\u00a0?<\/strong><\/p>\n<p>En fait, c\u2019est une variante du bourguignon. Plusieurs parties du b\u0153uf se pr\u00eatent \u00e0 cette recette, \u00e0 ne citer que le g\u00eete \u00e0 la noix, le g\u00eete, la macreuse, le paleron ou encore le jumeau \u00e0 pot-au-feu\u2026 bref, les parties en haut des membres inf\u00e9rieurs et sup\u00e9rieurs de l\u2019animal. Pourquoi ne pas choisir un m\u00e9lange de ces morceaux\u00a0en plus du jarret ?<\/p>\n<p><strong>La recette de b\u0153uf aux fruits.<\/strong><\/p>\n<p>G\u00e9n\u00e9ralement, pour un bourguignon, les morceaux de viande sont marin\u00e9s pendant un bon nombre d\u2019heures dans un m\u00e9lange de carottes, d\u2019oignon, d\u2019ail et d\u2019herbes arros\u00e9 de vin rouge. Mais dans cette recette-ci, vous pouvez vous en passer pour seulement 3 heures de patience au total. Pour 4 gourmets, vous aurez besoin de\u00a0:<\/p>\n<p>&#8211; 800 g de viande<\/p>\n<p>&#8211; 1 pomme<\/p>\n<p>&#8211; 1 banane<\/p>\n<p>&#8211; jus de citron<\/p>\n<p>&#8211; oignon, ail<\/p>\n<p>&#8211; curry, cumin, cannelle<\/p>\n<p>&#8211; bouillon de b\u0153uf<\/p>\n<p>&#8211; sel et poivre<\/p>\n<p>D\u00e9coupez la viande en cube de taille moyenne. Faites revenir les morceaux dans un peu d\u2019huile, avec des \u00e9minc\u00e9s d\u2019oignons et des gousses d\u2019ail hach\u00e9es. Saupoudrez d\u2019une pinc\u00e9e de curry, puis ajoutez un peu de cannelle et de cumin \u00e0 votre convenance. Versez le bouillon. Assaisonnez de sel et de poivre, puis laissez cuire pendant 120 minutes. Ajoutez de l\u2019eau si besoin.<\/p>\n<p>Mouiller la pomme pr\u00e9alablement d\u00e9coup\u00e9e en d\u00e9s avec le jus de citron. Couper la banane en rondelles. Versez les fruits dans le r\u00e9cipient de cuisson et laissez mijoter une trentaine de minutes de plus.<\/p>\n<p><a href=\"http:\/\/www.latabledeseleveurs.fr\/boucherie\/viande-boeuf-bourguignon.php\">La viande \u00e0 bourguignon parfaite pour cette recette<\/a><\/p>\n","protected":false},"excerpt":{"rendered":"<p>Le sucr\u00e9-sal\u00e9-acidul\u00e9 est un mode culinaire assez inhabituel pour la cuisson du b\u0153uf. Mais ce n\u2019est ni impossible, ni extravagant, ni mauvais. C\u2019est m\u00eame un plat de premier choix pour les f\u00eates qui approchent\u00a0! Alors sans tarder, faites un plan apr\u00e8s avoir lu ce qui suit. Quelle partie du b\u0153uf choisir\u00a0? En fait, c\u2019est une <a href=\"https:\/\/www.latabledeseleveurs.fr\/blog\/du-boeuf-au-curry-et-aux-fruits\/\"> lire la suite <span class=\"meta-nav\">&raquo;<\/span><\/a><\/p>\n","protected":false},"author":1,"featured_media":532,"comment_status":"open","ping_status":"open","sticky":false,"template":"","format":"standard","meta":{"footnotes":""},"categories":[9,11,10],"tags":[17,391,390,389,176,111],"class_list":["post-531","post","type-post","status-publish","format-standard","has-post-thumbnail","hentry","category-accueil","category-cuisson-preparation","category-recettes","tag-boeuf","tag-boeuf-au-pomme","tag-boeuf-aux-fruits","tag-curry","tag-fruit","tag-sucre-sale","author-admin","accueil","cuisson-preparation","recettes"],"_links":{"self":[{"href":"https:\/\/www.latabledeseleveurs.fr\/blog\/wp-json\/wp\/v2\/posts\/531","targetHints":{"allow":["GET"]}}],"collection":[{"href":"https:\/\/www.latabledeseleveurs.fr\/blog\/wp-json\/wp\/v2\/posts"}],"about":[{"href":"https:\/\/www.latabledeseleveurs.fr\/blog\/wp-json\/wp\/v2\/types\/post"}],"author":[{"embeddable":true,"href":"https:\/\/www.latabledeseleveurs.fr\/blog\/wp-json\/wp\/v2\/users\/1"}],"replies":[{"embeddable":true,"href":"https:\/\/www.latabledeseleveurs.fr\/blog\/wp-json\/wp\/v2\/comments?post=531"}],"version-history":[{"count":3,"href":"https:\/\/www.latabledeseleveurs.fr\/blog\/wp-json\/wp\/v2\/posts\/531\/revisions"}],"predecessor-version":[{"id":563,"href":"https:\/\/www.latabledeseleveurs.fr\/blog\/wp-json\/wp\/v2\/posts\/531\/revisions\/563"}],"wp:featuredmedia":[{"embeddable":true,"href":"https:\/\/www.latabledeseleveurs.fr\/blog\/wp-json\/wp\/v2\/media\/532"}],"wp:attachment":[{"href":"https:\/\/www.latabledeseleveurs.fr\/blog\/wp-json\/wp\/v2\/media?parent=531"}],"wp:term":[{"taxonomy":"category","embeddable":true,"href":"https:\/\/www.latabledeseleveurs.fr\/blog\/wp-json\/wp\/v2\/categories?post=531"},{"taxonomy":"post_tag","embeddable":true,"href":"https:\/\/www.latabledeseleveurs.fr\/blog\/wp-json\/wp\/v2\/tags?post=531"}],"curies":[{"name":"wp","href":"https:\/\/api.w.org\/{rel}","templated":true}]}}