{"id":452,"date":"2015-11-13T16:34:03","date_gmt":"2015-11-13T16:34:03","guid":{"rendered":"http:\/\/www.latabledeseleveurs.fr\/blog\/?p=452"},"modified":"2016-05-25T14:26:05","modified_gmt":"2016-05-25T14:26:05","slug":"l%e2%80%99avenir-de-la-vbf-face-aux-accords-transatlantiques","status":"publish","type":"post","link":"https:\/\/www.latabledeseleveurs.fr\/blog\/l%e2%80%99avenir-de-la-vbf-face-aux-accords-transatlantiques\/","title":{"rendered":"L\u2019avenir de la VBF face aux accords transatlantiques"},"content":{"rendered":"<p>L\u2019\u00e9ventualit\u00e9 d\u2019une zone de libre-\u00e9change avec l\u2019Am\u00e9rique du Nord peut-elle repr\u00e9senter un d\u00e9bouch\u00e9 suppl\u00e9mentaire\u00a0pour une viande fran\u00e7aise en mal de client\u00e8le ? Les acteurs de la fili\u00e8re bouch\u00e8re de l\u2019Hexagone ne cessent de part et d\u2019autre de d\u00e9battre de l\u2019enjeu d\u2019un tel trait\u00e9.<\/p>\n<p><a href=\"http:\/\/www.latabledeseleveurs.fr\/blog\/wp-content\/uploads\/2015\/11\/madeinfrance.jpg\"><img loading=\"lazy\" decoding=\"async\" title=\"madeinfrance\" class=\"aligncenter size-full wp-image-454\" src=\"http:\/\/www.latabledeseleveurs.fr\/blog\/wp-content\/uploads\/2015\/11\/madeinfrance.jpg\" alt=\"\" width=\"372\" height=\"322\" srcset=\"https:\/\/www.latabledeseleveurs.fr\/blog\/wp-content\/uploads\/2015\/11\/madeinfrance.jpg 372w, https:\/\/www.latabledeseleveurs.fr\/blog\/wp-content\/uploads\/2015\/11\/madeinfrance-300x259.jpg 300w\" sizes=\"auto, (max-width: 372px) 100vw, 372px\" \/><\/a><\/p>\n<p><strong>Qu&rsquo;est-ce qui fait peur aux \u00e9leveurs fran\u00e7ais ?<\/strong><\/p>\n<p>Les enjeux sont de taille pour les producteurs \u00e9tant donn\u00e9 en premier lieu, que la viande am\u00e9ricaine est plus importante en volume. Cela entra\u00eenerait une remise en cause des capacit\u00e9s d\u2019\u00e9levage, mais\u00a0surtout une\u00a0remise en question\u00a0des normes de production. La bataille pour la comp\u00e9titivit\u00e9 de nos \u00e9leveurs\u00a0pourrait notamment \u00eatre perdue d\u2019avance, \u00e0 moins de compter sur un revirement vers une similitude avec les syst\u00e8mes d\u2019engraissement dits \u00ab feedlots \u00bb am\u00e9ricains.<\/p>\n<p>Mais cela revient \u00e0 abandonner une certaine id\u00e9es du concept VBF. Ce qui est s\u00fbr pour l\u2019heure : les n\u00e9gociateurs europ\u00e9ens continuent \u00e0 proscrire toute viande hormon\u00e9e et dont la production a \u00e9t\u00e9 irrespectueuse de l\u2019environnement et du bien-\u00eatre animal.<\/p>\n<p><strong>Mais o\u00f9 est l\u2019avantage ?<\/strong><\/p>\n<p>C&rsquo;est en fait la capacit\u00e9\u00a0de n\u00e9gociations qui permettra au secteur de trouver une solution avantageuse et p\u00e9renne. En restant ferme sur\u00a0certaines conditions, dont l\u2019application des r\u00e8gles fondamentales qui ont toujours fait la qualit\u00e9 de la viande europ\u00e9enne, la VBF aura des chances de fournir le plus gros march\u00e9 de viande au monde : les \u00c9tats-Unis. Reste \u00e0 maximiser l\u2019enveloppe d\u2019aides\u00a0des \u00e9tats\u00a0accord\u00e9e aux \u00e9leveurs, particuli\u00e8rement ceux situ\u00e9s en zones peu propices \u00e0 l\u2019\u00e9levage.<\/p>\n","protected":false},"excerpt":{"rendered":"<p>L\u2019\u00e9ventualit\u00e9 d\u2019une zone de libre-\u00e9change avec l\u2019Am\u00e9rique du Nord peut-elle repr\u00e9senter un d\u00e9bouch\u00e9 suppl\u00e9mentaire\u00a0pour une viande fran\u00e7aise en mal de client\u00e8le ? Les acteurs de la fili\u00e8re bouch\u00e8re de l\u2019Hexagone ne cessent de part et d\u2019autre de d\u00e9battre de l\u2019enjeu d\u2019un tel trait\u00e9. Qu&rsquo;est-ce qui fait peur aux \u00e9leveurs fran\u00e7ais ? Les enjeux sont de <a href=\"https:\/\/www.latabledeseleveurs.fr\/blog\/l%e2%80%99avenir-de-la-vbf-face-aux-accords-transatlantiques\/\"> lire la suite <span class=\"meta-nav\">&raquo;<\/span><\/a><\/p>\n","protected":false},"author":1,"featured_media":453,"comment_status":"open","ping_status":"open","sticky":false,"template":"","format":"standard","meta":{"footnotes":""},"categories":[9,14],"tags":[356,357,360,350,355,361,198,359,358,164,131],"class_list":["post-452","post","type-post","status-publish","format-standard","has-post-thumbnail","hentry","category-accueil","category-autour-de-la-viande","tag-accords-transatlantiques","tag-americains","tag-amerique-du-nord","tag-avantage","tag-avenir","tag-etats-unis","tag-filiere-bouchere","tag-libre-echange","tag-usa","tag-vbf","tag-viande-francaise","author-admin","accueil","autour-de-la-viande"],"_links":{"self":[{"href":"https:\/\/www.latabledeseleveurs.fr\/blog\/wp-json\/wp\/v2\/posts\/452","targetHints":{"allow":["GET"]}}],"collection":[{"href":"https:\/\/www.latabledeseleveurs.fr\/blog\/wp-json\/wp\/v2\/posts"}],"about":[{"href":"https:\/\/www.latabledeseleveurs.fr\/blog\/wp-json\/wp\/v2\/types\/post"}],"author":[{"embeddable":true,"href":"https:\/\/www.latabledeseleveurs.fr\/blog\/wp-json\/wp\/v2\/users\/1"}],"replies":[{"embeddable":true,"href":"https:\/\/www.latabledeseleveurs.fr\/blog\/wp-json\/wp\/v2\/comments?post=452"}],"version-history":[{"count":3,"href":"https:\/\/www.latabledeseleveurs.fr\/blog\/wp-json\/wp\/v2\/posts\/452\/revisions"}],"predecessor-version":[{"id":704,"href":"https:\/\/www.latabledeseleveurs.fr\/blog\/wp-json\/wp\/v2\/posts\/452\/revisions\/704"}],"wp:featuredmedia":[{"embeddable":true,"href":"https:\/\/www.latabledeseleveurs.fr\/blog\/wp-json\/wp\/v2\/media\/453"}],"wp:attachment":[{"href":"https:\/\/www.latabledeseleveurs.fr\/blog\/wp-json\/wp\/v2\/media?parent=452"}],"wp:term":[{"taxonomy":"category","embeddable":true,"href":"https:\/\/www.latabledeseleveurs.fr\/blog\/wp-json\/wp\/v2\/categories?post=452"},{"taxonomy":"post_tag","embeddable":true,"href":"https:\/\/www.latabledeseleveurs.fr\/blog\/wp-json\/wp\/v2\/tags?post=452"}],"curies":[{"name":"wp","href":"https:\/\/api.w.org\/{rel}","templated":true}]}}