{"id":417,"date":"2015-11-13T13:00:41","date_gmt":"2015-11-13T13:00:41","guid":{"rendered":"http:\/\/www.latabledeseleveurs.fr\/blog\/?p=417"},"modified":"2016-05-25T14:28:08","modified_gmt":"2016-05-25T14:28:08","slug":"est-ce-que-la-viande-de-boeuf-francaise-s%e2%80%99exporte-partout-en-asie","status":"publish","type":"post","link":"https:\/\/www.latabledeseleveurs.fr\/blog\/est-ce-que-la-viande-de-boeuf-francaise-s%e2%80%99exporte-partout-en-asie\/","title":{"rendered":"La viande de b\u0153uf fran\u00e7aise s\u2019exporte-t-elle en Asie ?"},"content":{"rendered":"<p>6\u00e8me producteur mondial de viande bovine, la France a pourtant toujours eu du mal \u00e0\u00a0traverser les fronti\u00e8res europ\u00e9ennes. L\u2019Asie en particulier a longtemps \u00e9t\u00e9 un terrain interdit, surtout apr\u00e8s les scandales de la vache folle. Mais cette partie du monde est en passe d\u2019ouvrir ses portes. Fin du calvaire pour les \u00e9leveurs fran\u00e7ais ?<\/p>\n<p><a href=\"http:\/\/www.latabledeseleveurs.fr\/blog\/wp-content\/uploads\/2015\/11\/asie.jpg\"><img loading=\"lazy\" decoding=\"async\" title=\"asie\" class=\"aligncenter size-full wp-image-418\" src=\"http:\/\/www.latabledeseleveurs.fr\/blog\/wp-content\/uploads\/2015\/11\/asie.jpg\" alt=\"\" width=\"450\" height=\"299\" srcset=\"https:\/\/www.latabledeseleveurs.fr\/blog\/wp-content\/uploads\/2015\/11\/asie.jpg 450w, https:\/\/www.latabledeseleveurs.fr\/blog\/wp-content\/uploads\/2015\/11\/asie-300x199.jpg 300w\" sizes=\"auto, (max-width: 450px) 100vw, 450px\" \/><\/a><\/p>\n<p><strong>Les dragons d\u2019Asie dans la ligne de mire.<\/strong><\/p>\n<p>L\u2019embargo sur la viande fran\u00e7aise est en train d\u2019\u00eatre lev\u00e9 en Chine, apr\u00e8s que le Vietnam et Singapour\u00a0aient d\u00e9cid\u00e9 de donner\u00a0leur visa \u00e0 la VBF. Quelques proc\u00e9dures sont encore en cours de mani\u00e8re \u00e0 ce que tous les doutes soient lev\u00e9s. Dans ce cadre, les autorit\u00e9s respectives de ces pays entament des visites des \u00e9tablissements producteurs concern\u00e9s pour v\u00e9rifier que les \u00e9leveurs fran\u00e7ais sont bien\u00a0 \u00e0 la hauteur de la\u00a0qualit\u00e9 attendue\u00a0de leurs produits !<\/p>\n<p><strong>Est-on tir\u00e9 d\u2019affaire pour autant ?<\/strong><\/p>\n<p>Les probl\u00e8mes qui minent le secteur depuis plusieurs ann\u00e9es sur le march\u00e9 int\u00e9rieur sont toujours aussi vivaces. Par ailleurs, la concurrence locale promet d\u2019\u00eatre rude, en particulier avec l\u2019Inde qui constitue un adversaire majeur. Ce pays est d\u00e9j\u00e0 assez r\u00e9fractaire aux produits bouchers \u00e9trangers, mais en plus, il est le principal pourvoyeur de la Chine en viande bovine. Quoi qu\u2019il en soit, tout le monde compte sur le \u00ab made in France \u00bb performant, appuy\u00e9 par des plateformes de gestion comme \u00ab France Viande Export \u00bb pour\u00a0soutenir la fili\u00e8re.<\/p>\n","protected":false},"excerpt":{"rendered":"<p>6\u00e8me producteur mondial de viande bovine, la France a pourtant toujours eu du mal \u00e0\u00a0traverser les fronti\u00e8res europ\u00e9ennes. L\u2019Asie en particulier a longtemps \u00e9t\u00e9 un terrain interdit, surtout apr\u00e8s les scandales de la vache folle. Mais cette partie du monde est en passe d\u2019ouvrir ses portes. Fin du calvaire pour les \u00e9leveurs fran\u00e7ais ? Les <a href=\"https:\/\/www.latabledeseleveurs.fr\/blog\/est-ce-que-la-viande-de-boeuf-francaise-s%e2%80%99exporte-partout-en-asie\/\"> lire la suite <span class=\"meta-nav\">&raquo;<\/span><\/a><\/p>\n","protected":false},"author":1,"featured_media":419,"comment_status":"open","ping_status":"open","sticky":false,"template":"","format":"standard","meta":{"footnotes":""},"categories":[9,14],"tags":[326,324,325,323],"class_list":["post-417","post","type-post","status-publish","format-standard","has-post-thumbnail","hentry","category-accueil","category-autour-de-la-viande","tag-asie","tag-exportation","tag-producteur","tag-viande-bovine","author-admin","accueil","autour-de-la-viande"],"_links":{"self":[{"href":"https:\/\/www.latabledeseleveurs.fr\/blog\/wp-json\/wp\/v2\/posts\/417","targetHints":{"allow":["GET"]}}],"collection":[{"href":"https:\/\/www.latabledeseleveurs.fr\/blog\/wp-json\/wp\/v2\/posts"}],"about":[{"href":"https:\/\/www.latabledeseleveurs.fr\/blog\/wp-json\/wp\/v2\/types\/post"}],"author":[{"embeddable":true,"href":"https:\/\/www.latabledeseleveurs.fr\/blog\/wp-json\/wp\/v2\/users\/1"}],"replies":[{"embeddable":true,"href":"https:\/\/www.latabledeseleveurs.fr\/blog\/wp-json\/wp\/v2\/comments?post=417"}],"version-history":[{"count":3,"href":"https:\/\/www.latabledeseleveurs.fr\/blog\/wp-json\/wp\/v2\/posts\/417\/revisions"}],"predecessor-version":[{"id":706,"href":"https:\/\/www.latabledeseleveurs.fr\/blog\/wp-json\/wp\/v2\/posts\/417\/revisions\/706"}],"wp:featuredmedia":[{"embeddable":true,"href":"https:\/\/www.latabledeseleveurs.fr\/blog\/wp-json\/wp\/v2\/media\/419"}],"wp:attachment":[{"href":"https:\/\/www.latabledeseleveurs.fr\/blog\/wp-json\/wp\/v2\/media?parent=417"}],"wp:term":[{"taxonomy":"category","embeddable":true,"href":"https:\/\/www.latabledeseleveurs.fr\/blog\/wp-json\/wp\/v2\/categories?post=417"},{"taxonomy":"post_tag","embeddable":true,"href":"https:\/\/www.latabledeseleveurs.fr\/blog\/wp-json\/wp\/v2\/tags?post=417"}],"curies":[{"name":"wp","href":"https:\/\/api.w.org\/{rel}","templated":true}]}}