{"id":307,"date":"2015-10-09T17:43:54","date_gmt":"2015-10-09T17:43:54","guid":{"rendered":"http:\/\/www.latabledeseleveurs.fr\/blog\/?p=307"},"modified":"2015-10-09T17:43:54","modified_gmt":"2015-10-09T17:43:54","slug":"qui-a-invente-la-cuisine","status":"publish","type":"post","link":"https:\/\/www.latabledeseleveurs.fr\/blog\/qui-a-invente-la-cuisine\/","title":{"rendered":"Qui a invent\u00e9 la cuisine ?"},"content":{"rendered":"<p>Retracer le commencement de la cuisine nous ferait remonter \u00e0 la d\u00e9couverte du feu par les sapiens primitifs. Mais la cuisine telle qu\u2019on la conna\u00eet aujourd\u2019hui remonte aux p\u00e9riodes hell\u00e9niques, dans ce pays source de la civilisation moderne.<\/p>\n<p><strong>Nos anc\u00eatres les Grecs. <\/strong><\/p>\n<p>\u00c0 la lecture des \u00e9crits historiques les plus lointains, on sait que les Grecs ont invent\u00e9 l\u2019omelette et plus de 70 recettes de pain. Ils \u00e9taient, comme nous, tr\u00e8s concern\u00e9s par l\u2019hygi\u00e8ne et la qualit\u00e9 de la viande : ils la bouillaient avant de la r\u00f4tir, ils portaient une attention particuli\u00e8re \u00e0 la provenance et aux conditions d\u2019\u00e9levage des animaux \u00e0 vocation bouch\u00e8re (bah tiens !). <\/p>\n<p><strong>Les Romains instituent une autre forme d\u2019art !<\/strong><\/p>\n<p>C\u2019est \u00e0 l\u2019apog\u00e9e de la civilisation romaine que la cuisine est \u00e9rig\u00e9e en m\u00e9tier d\u2019art \u00e0 part enti\u00e8re. Le go\u00fbt de l\u2019\u00e9trange et du rare se faisait tendance, dans un monde o\u00f9 un seul repas co\u00fbtait des tas et des tas de sesterces ! Mais les co\u00fbts prohibitifs n\u2019emp\u00eachaient pas les Romains de s\u2019habituer \u00e0 la surabondance gastronomique. Le tout premier livre de recettes, du moins celui qu\u2019on connait bien \u00e9dit\u00e9, remonte au premier si\u00e8cle et aurait \u00e9t\u00e9 sign\u00e9 par un certain Apicus (\u00e9pice ?). <\/p>\n<p><strong>Plus ancienne encore la cuisine chinoise !<\/strong><\/p>\n<p>Oui, \u00e7a commence 2 mill\u00e9naires avant notre \u00e8re ! Particuli\u00e8rement chercheurs et exp\u00e9rimentateurs, les Chinois auraient d\u00e9j\u00e0 codifi\u00e9 plusieurs milliers de recettes. L\u2019exp\u00e9rience chinoise donne naissance \u00e0 une gastronomie dont la complexit\u00e9 r\u00e9side plus dans les pr\u00e9parations que dans les r\u00e9sultats.<\/p>\n<p><a href=\"http:\/\/www.latabledeseleveurs.fr\/blog\/wp-content\/uploads\/2015\/10\/recette.jpg\"><img loading=\"lazy\" decoding=\"async\" src=\"http:\/\/www.latabledeseleveurs.fr\/blog\/wp-content\/uploads\/2015\/10\/recette.jpg\" alt=\"\" title=\"recette\" width=\"424\" height=\"283\" class=\"aligncenter size-full wp-image-308\" srcset=\"https:\/\/www.latabledeseleveurs.fr\/blog\/wp-content\/uploads\/2015\/10\/recette.jpg 424w, https:\/\/www.latabledeseleveurs.fr\/blog\/wp-content\/uploads\/2015\/10\/recette-300x200.jpg 300w\" sizes=\"auto, (max-width: 424px) 100vw, 424px\" \/><\/a><\/p>\n<p><strong>La France, la plus jeune mais la plus connue des cuisines.<\/strong><\/p>\n<p>La cuisine fran\u00e7aise commence par un principe n\u00e9 au XVIIe si\u00e8cle de la bouche de Fran\u00e7ois Pierre de la Varenne (cuisinier du Roi) : le go\u00fbt distinct de chaque ingr\u00e9dient composant un met !<\/p>\n","protected":false},"excerpt":{"rendered":"<p>Retracer le commencement de la cuisine nous ferait remonter \u00e0 la d\u00e9couverte du feu par les sapiens primitifs. Mais la cuisine telle qu\u2019on la conna\u00eet aujourd\u2019hui remonte aux p\u00e9riodes hell\u00e9niques, dans ce pays source de la civilisation moderne. Nos anc\u00eatres les Grecs. \u00c0 la lecture des \u00e9crits historiques les plus lointains, on sait que les <a href=\"https:\/\/www.latabledeseleveurs.fr\/blog\/qui-a-invente-la-cuisine\/\"> lire la suite <span class=\"meta-nav\">&raquo;<\/span><\/a><\/p>\n","protected":false},"author":1,"featured_media":309,"comment_status":"open","ping_status":"open","sticky":false,"template":"","format":"standard","meta":{"footnotes":""},"categories":[9,14,10],"tags":[30,236,234,165,233,235],"class_list":["post-307","post","type-post","status-publish","format-standard","has-post-thumbnail","hentry","category-accueil","category-autour-de-la-viande","category-recettes","tag-cuisine","tag-francaise","tag-grecs","tag-histoire","tag-invention","tag-romains","author-admin","accueil","autour-de-la-viande","recettes"],"_links":{"self":[{"href":"https:\/\/www.latabledeseleveurs.fr\/blog\/wp-json\/wp\/v2\/posts\/307","targetHints":{"allow":["GET"]}}],"collection":[{"href":"https:\/\/www.latabledeseleveurs.fr\/blog\/wp-json\/wp\/v2\/posts"}],"about":[{"href":"https:\/\/www.latabledeseleveurs.fr\/blog\/wp-json\/wp\/v2\/types\/post"}],"author":[{"embeddable":true,"href":"https:\/\/www.latabledeseleveurs.fr\/blog\/wp-json\/wp\/v2\/users\/1"}],"replies":[{"embeddable":true,"href":"https:\/\/www.latabledeseleveurs.fr\/blog\/wp-json\/wp\/v2\/comments?post=307"}],"version-history":[{"count":1,"href":"https:\/\/www.latabledeseleveurs.fr\/blog\/wp-json\/wp\/v2\/posts\/307\/revisions"}],"predecessor-version":[{"id":310,"href":"https:\/\/www.latabledeseleveurs.fr\/blog\/wp-json\/wp\/v2\/posts\/307\/revisions\/310"}],"wp:featuredmedia":[{"embeddable":true,"href":"https:\/\/www.latabledeseleveurs.fr\/blog\/wp-json\/wp\/v2\/media\/309"}],"wp:attachment":[{"href":"https:\/\/www.latabledeseleveurs.fr\/blog\/wp-json\/wp\/v2\/media?parent=307"}],"wp:term":[{"taxonomy":"category","embeddable":true,"href":"https:\/\/www.latabledeseleveurs.fr\/blog\/wp-json\/wp\/v2\/categories?post=307"},{"taxonomy":"post_tag","embeddable":true,"href":"https:\/\/www.latabledeseleveurs.fr\/blog\/wp-json\/wp\/v2\/tags?post=307"}],"curies":[{"name":"wp","href":"https:\/\/api.w.org\/{rel}","templated":true}]}}