{"id":299,"date":"2015-10-09T17:30:45","date_gmt":"2015-10-09T17:30:45","guid":{"rendered":"http:\/\/www.latabledeseleveurs.fr\/blog\/?p=299"},"modified":"2016-05-25T14:37:43","modified_gmt":"2016-05-25T14:37:43","slug":"les-regles-d%e2%80%99abattage-des-veaux","status":"publish","type":"post","link":"https:\/\/www.latabledeseleveurs.fr\/blog\/les-regles-d%e2%80%99abattage-des-veaux\/","title":{"rendered":"Les r\u00e8gles d\u2019abattage des veaux"},"content":{"rendered":"<p>Longtemps d\u00e9cri\u00e9e de toute part, la consommation de veau devient des m\u0153urs en France. Cette viande, p\u00e2le pour certaines races comme le Limousin ou claire pour le veau de batterie, est appr\u00e9ci\u00e9e par sa tendret\u00e9 naturelle et sa saveur unique. Mais justement, cette qualit\u00e9 rare s\u2019obtient par le respect des p\u00e9riodes et autres r\u00e8gles d\u2019abattage.<\/p>\n<p><strong>Quel moment propice pour l\u2019abattage du veau ?<\/strong><\/p>\n<p>L\u2019abattage du veau est souvent d\u00e9termin\u00e9 par son \u00e2ge. Par exemple, le veau de Saint \u00c9tienne est abattu vers 7 \u00e0 9 mois sans sevrage, tandis que celui de Lyon est abattu \u00e0 partir de son 11e mois apr\u00e8s 5 mois de sevrage. D\u2019autres animaux sont abattus \u00e0 l\u2019atteinte d\u2019un poids particulier. Par exemple, dans un \u00e9levage intensif, les veaux sont tu\u00e9s quand ils atteignent 18 \u00e0 200 kg vers le 4e ou le 5e mois. Ceux-ci sont engraiss\u00e9s d\u00e8s qu\u2019ils p\u00e8sent une trentaine de kilos. Par ailleurs, avant tout abattage, toute activit\u00e9 physique est limit\u00e9e. Le repos est primordial. <\/p>\n<p><a href=\"http:\/\/www.latabledeseleveurs.fr\/blog\/wp-content\/uploads\/2015\/10\/abattage_veau.jpg\"><img loading=\"lazy\" decoding=\"async\" src=\"http:\/\/www.latabledeseleveurs.fr\/blog\/wp-content\/uploads\/2015\/10\/abattage_veau.jpg\" alt=\"\" title=\"abattage_veau\" width=\"424\" height=\"283\" class=\"aligncenter size-full wp-image-300\" srcset=\"https:\/\/www.latabledeseleveurs.fr\/blog\/wp-content\/uploads\/2015\/10\/abattage_veau.jpg 424w, https:\/\/www.latabledeseleveurs.fr\/blog\/wp-content\/uploads\/2015\/10\/abattage_veau-300x200.jpg 300w\" sizes=\"auto, (max-width: 424px) 100vw, 424px\" \/><\/a><\/p>\n<p><strong>Pourquoi tout ce timing et ces r\u00e8gles ?<\/strong><\/p>\n<p>La qualit\u00e9 de la viande de veau n\u2019est pas fortuite. D\u2019abord, l\u2019abattage des jeunes bovins \u00e0 ces \u00e2ges permet de garder leur chair naturellement tendre et fine. A la cuisson, leur viande lib\u00e8re de l\u2019acide gras insatur\u00e9 qui lui donne sa flaveur historique. Mais bien entendu, le rendement en termes de qualit\u00e9 diff\u00e8re selon les races, mais aussi les conditions d\u2019abattage. D\u2019o\u00f9 un maximum de diff\u00e9renciation \u00e9galement dans le mode alimentaire pendant leur \u00e9levage.  <\/p>\n","protected":false},"excerpt":{"rendered":"<p>Longtemps d\u00e9cri\u00e9e de toute part, la consommation de veau devient des m\u0153urs en France. Cette viande, p\u00e2le pour certaines races comme le Limousin ou claire pour le veau de batterie, est appr\u00e9ci\u00e9e par sa tendret\u00e9 naturelle et sa saveur unique. Mais justement, cette qualit\u00e9 rare s\u2019obtient par le respect des p\u00e9riodes et autres r\u00e8gles d\u2019abattage. <a href=\"https:\/\/www.latabledeseleveurs.fr\/blog\/les-regles-d%e2%80%99abattage-des-veaux\/\"> lire la suite <span class=\"meta-nav\">&raquo;<\/span><\/a><\/p>\n","protected":false},"author":1,"featured_media":301,"comment_status":"open","ping_status":"open","sticky":false,"template":"","format":"standard","meta":{"footnotes":""},"categories":[9,14],"tags":[227,229,230,34,228,27],"class_list":["post-299","post","type-post","status-publish","format-standard","has-post-thumbnail","hentry","category-accueil","category-autour-de-la-viande","tag-abattage","tag-age","tag-poids","tag-qualite","tag-regle","tag-veau","author-admin","accueil","autour-de-la-viande"],"_links":{"self":[{"href":"https:\/\/www.latabledeseleveurs.fr\/blog\/wp-json\/wp\/v2\/posts\/299","targetHints":{"allow":["GET"]}}],"collection":[{"href":"https:\/\/www.latabledeseleveurs.fr\/blog\/wp-json\/wp\/v2\/posts"}],"about":[{"href":"https:\/\/www.latabledeseleveurs.fr\/blog\/wp-json\/wp\/v2\/types\/post"}],"author":[{"embeddable":true,"href":"https:\/\/www.latabledeseleveurs.fr\/blog\/wp-json\/wp\/v2\/users\/1"}],"replies":[{"embeddable":true,"href":"https:\/\/www.latabledeseleveurs.fr\/blog\/wp-json\/wp\/v2\/comments?post=299"}],"version-history":[{"count":2,"href":"https:\/\/www.latabledeseleveurs.fr\/blog\/wp-json\/wp\/v2\/posts\/299\/revisions"}],"predecessor-version":[{"id":710,"href":"https:\/\/www.latabledeseleveurs.fr\/blog\/wp-json\/wp\/v2\/posts\/299\/revisions\/710"}],"wp:featuredmedia":[{"embeddable":true,"href":"https:\/\/www.latabledeseleveurs.fr\/blog\/wp-json\/wp\/v2\/media\/301"}],"wp:attachment":[{"href":"https:\/\/www.latabledeseleveurs.fr\/blog\/wp-json\/wp\/v2\/media?parent=299"}],"wp:term":[{"taxonomy":"category","embeddable":true,"href":"https:\/\/www.latabledeseleveurs.fr\/blog\/wp-json\/wp\/v2\/categories?post=299"},{"taxonomy":"post_tag","embeddable":true,"href":"https:\/\/www.latabledeseleveurs.fr\/blog\/wp-json\/wp\/v2\/tags?post=299"}],"curies":[{"name":"wp","href":"https:\/\/api.w.org\/{rel}","templated":true}]}}