{"id":267,"date":"2015-10-09T15:16:05","date_gmt":"2015-10-09T15:16:05","guid":{"rendered":"http:\/\/www.latabledeseleveurs.fr\/blog\/?p=267"},"modified":"2015-10-09T15:16:05","modified_gmt":"2015-10-09T15:16:05","slug":"manger-de-la-viande-cuite-la-veille","status":"publish","type":"post","link":"https:\/\/www.latabledeseleveurs.fr\/blog\/manger-de-la-viande-cuite-la-veille\/","title":{"rendered":"Manger de la viande cuite la veille"},"content":{"rendered":"<p>Le temps manque pour les papas et mamans qui n\u2019ont que 1, 2 petites heures pour pr\u00e9parer un bon repas aux enfants \u00e0 midi. Pourtant, les plats congel\u00e9s ne sont pas toujours fameux ! Alors, on s\u2019en tient \u00e0 une vieille tradition : cuire les mets la veille. Quels sont les risques ?<\/p>\n<p>C\u2019est sans danger pour la sant\u00e9 ?<\/p>\n<p>Contrairement aux carcasses congel\u00e9es ou surgel\u00e9es, la viande cuite se conserve un peu plus longtemps, tout en gardant la qualit\u00e9 nutritionnelle et la saveur. \u00c0 moins qu\u2019elle n\u2019ait \u00e9t\u00e9 congel\u00e9e avant d\u2019\u00eatre cuite ! Dans ce dernier cas, manger le mets dans la journ\u00e9e est recommand\u00e9. <\/p>\n<p>Mais il ne faut pas non plus exag\u00e9rer sur la dur\u00e9e de conservation de la viande cuite. Une nuit ou deux suffisent amplement, avant que certains mets n\u2019exhalent des odeurs d\u00e9sagr\u00e9ables. Certaines recettes, comme la daube proven\u00e7ale, rendraient les viandes meilleures, quand sa consommation est remise au lendemain.<\/p>\n<p>La technique de cuisson pour un plat \u00e0 d\u00e9guster le lendemain.<\/p>\n<p>Pour faire tenir une recette de viande pendant un tour d\u2019horloge, c\u2019est la cuisson \u00e0 feu doux et \u00e0 longue dur\u00e9e qui serait la plus adapt\u00e9e. Cette m\u00e9thode permet non seulement de maximiser la tendret\u00e9 de la viande, mais optimise aussi l\u2019absorption des ingr\u00e9dients. <\/p>\n<p><a href=\"http:\/\/www.latabledeseleveurs.fr\/blog\/wp-content\/uploads\/2015\/10\/cuisson.jpg\"><img loading=\"lazy\" decoding=\"async\" src=\"http:\/\/www.latabledeseleveurs.fr\/blog\/wp-content\/uploads\/2015\/10\/cuisson.jpg\" alt=\"\" title=\"cuisson\" width=\"424\" height=\"283\" class=\"aligncenter size-full wp-image-268\" srcset=\"https:\/\/www.latabledeseleveurs.fr\/blog\/wp-content\/uploads\/2015\/10\/cuisson.jpg 424w, https:\/\/www.latabledeseleveurs.fr\/blog\/wp-content\/uploads\/2015\/10\/cuisson-300x200.jpg 300w\" sizes=\"auto, (max-width: 424px) 100vw, 424px\" \/><\/a><\/p>\n<p>La m\u00e9thode de cuisson id\u00e9ale, c\u2019est \u00e0 la vapeur dans la cocotte, en bouillon ou \u00e0 l\u2019\u00e9touff\u00e9e. Sans oublier les \u00e9pices qui d\u00e9truisent les microbes (le langage scientifique c\u2019est : antiseptique). Cela emp\u00eache la d\u00e9gradation de la viande.<\/p>\n","protected":false},"excerpt":{"rendered":"<p>Le temps manque pour les papas et mamans qui n\u2019ont que 1, 2 petites heures pour pr\u00e9parer un bon repas aux enfants \u00e0 midi. Pourtant, les plats congel\u00e9s ne sont pas toujours fameux ! Alors, on s\u2019en tient \u00e0 une vieille tradition : cuire les mets la veille. Quels sont les risques ? C\u2019est sans <a href=\"https:\/\/www.latabledeseleveurs.fr\/blog\/manger-de-la-viande-cuite-la-veille\/\"> lire la suite <span class=\"meta-nav\">&raquo;<\/span><\/a><\/p>\n","protected":false},"author":1,"featured_media":269,"comment_status":"open","ping_status":"open","sticky":false,"template":"","format":"standard","meta":{"footnotes":""},"categories":[9,12,13],"tags":[202,5,204,54,203,201],"class_list":["post-267","post","type-post","status-publish","format-standard","has-post-thumbnail","hentry","category-accueil","category-astuces-conseils","category-sante","tag-conservation","tag-cuisson","tag-danger","tag-sante-2","tag-vapeur","tag-veille","author-admin","accueil","astuces-conseils","sante"],"_links":{"self":[{"href":"https:\/\/www.latabledeseleveurs.fr\/blog\/wp-json\/wp\/v2\/posts\/267","targetHints":{"allow":["GET"]}}],"collection":[{"href":"https:\/\/www.latabledeseleveurs.fr\/blog\/wp-json\/wp\/v2\/posts"}],"about":[{"href":"https:\/\/www.latabledeseleveurs.fr\/blog\/wp-json\/wp\/v2\/types\/post"}],"author":[{"embeddable":true,"href":"https:\/\/www.latabledeseleveurs.fr\/blog\/wp-json\/wp\/v2\/users\/1"}],"replies":[{"embeddable":true,"href":"https:\/\/www.latabledeseleveurs.fr\/blog\/wp-json\/wp\/v2\/comments?post=267"}],"version-history":[{"count":1,"href":"https:\/\/www.latabledeseleveurs.fr\/blog\/wp-json\/wp\/v2\/posts\/267\/revisions"}],"predecessor-version":[{"id":270,"href":"https:\/\/www.latabledeseleveurs.fr\/blog\/wp-json\/wp\/v2\/posts\/267\/revisions\/270"}],"wp:featuredmedia":[{"embeddable":true,"href":"https:\/\/www.latabledeseleveurs.fr\/blog\/wp-json\/wp\/v2\/media\/269"}],"wp:attachment":[{"href":"https:\/\/www.latabledeseleveurs.fr\/blog\/wp-json\/wp\/v2\/media?parent=267"}],"wp:term":[{"taxonomy":"category","embeddable":true,"href":"https:\/\/www.latabledeseleveurs.fr\/blog\/wp-json\/wp\/v2\/categories?post=267"},{"taxonomy":"post_tag","embeddable":true,"href":"https:\/\/www.latabledeseleveurs.fr\/blog\/wp-json\/wp\/v2\/tags?post=267"}],"curies":[{"name":"wp","href":"https:\/\/api.w.org\/{rel}","templated":true}]}}