{"id":259,"date":"2015-10-09T15:05:09","date_gmt":"2015-10-09T15:05:09","guid":{"rendered":"http:\/\/www.latabledeseleveurs.fr\/blog\/?p=259"},"modified":"2015-10-09T15:05:09","modified_gmt":"2015-10-09T15:05:09","slug":"la-france-toujours-premiere-productrice-de-viande-de-veau","status":"publish","type":"post","link":"https:\/\/www.latabledeseleveurs.fr\/blog\/la-france-toujours-premiere-productrice-de-viande-de-veau\/","title":{"rendered":"La France, toujours premi\u00e8re productrice de viande de veau"},"content":{"rendered":"<p>L\u2019Hexagone est encore parmi les 3 premiers sp\u00e9cialistes de l\u2019\u00e9levage de veaux de boucherie en Europe, partageant 85% de la production europ\u00e9enne avec l\u2019Italie et les Pays bas. Presque la moiti\u00e9 de cette production est fran\u00e7aise en 2014. La Bretagne et l\u2019Aquitaine concentrent plus de 35% de tout le cheptel national. Mais voil\u00e0, cette production baisse inexorablement.<\/p>\n<p><a href=\"http:\/\/www.latabledeseleveurs.fr\/blog\/wp-content\/uploads\/2015\/10\/viande_veau.jpg\"><img loading=\"lazy\" decoding=\"async\" src=\"http:\/\/www.latabledeseleveurs.fr\/blog\/wp-content\/uploads\/2015\/10\/viande_veau.jpg\" alt=\"\" title=\"viande_veau\" width=\"424\" height=\"283\" class=\"aligncenter size-full wp-image-260\" srcset=\"https:\/\/www.latabledeseleveurs.fr\/blog\/wp-content\/uploads\/2015\/10\/viande_veau.jpg 424w, https:\/\/www.latabledeseleveurs.fr\/blog\/wp-content\/uploads\/2015\/10\/viande_veau-300x200.jpg 300w\" sizes=\"auto, (max-width: 424px) 100vw, 424px\" \/><\/a><\/p>\n<p><strong>Les Fran\u00e7ais sont pourtant de gros consommateurs de viande bovine !<\/strong><\/p>\n<p>Si bien que le pays importe aussi une partie de ce que les Fran\u00e7ais consomment. Sachant que, selon une enqu\u00eate  men\u00e9e en 2009, ceux-ci ingurgitent 25 kg de viande par habitant annuellement, devant les Su\u00e9dois, les Italiens\u2026 et devant les Espagnols qui n\u2019en mangent que 11 kg. La tendance reste la m\u00eame aujourd\u2019hui, malgr\u00e9 une baisse r\u00e9guli\u00e8re annuelle de la consommation de viande bovine, notamment de veau (3,5kg contre 4,5kg il y a 10 ans). Cette forme de d\u00e9sint\u00e9ressement inqui\u00e8te toujours les acteurs de toute part, lesquels essaient d\u2019am\u00e9liorer la d\u00e9marche industrielle et marketing pour fid\u00e9liser la client\u00e8le locale, de plus en plus encline aux viandes de qualit\u00e9. <\/p>\n<p><strong>Des valorisations qui vont aider \u00e0 augmenter la production ?<\/strong><\/p>\n<p>Les efforts de transparence, une tentative de dynamiser la fili\u00e8re bouch\u00e8re, l\u2019encouragement de l\u2019\u00e9levage Bio\u2026 toutes ces actions font suite \u00e0 une d\u00e9marche qualit\u00e9 longtemps ma\u00eetris\u00e9e par les \u00e9leveurs, faisant du pays un leader mondial dans le domaine. Et la France compte poursuivre cette strat\u00e9gie qui se r\u00e9v\u00e8le payante selon les observateurs. Gr\u00e2ce aux signatures et labels rehaussant le \u00ab produit fran\u00e7ais \u00bb, comme VVF (pour Viande de Veau Fran\u00e7aise), le secteur boucher reprend. On esp\u00e8re que la marginalisation du veau sur les \u00e9tals bouchers s\u2019estompera.<\/p>\n","protected":false},"excerpt":{"rendered":"<p>L\u2019Hexagone est encore parmi les 3 premiers sp\u00e9cialistes de l\u2019\u00e9levage de veaux de boucherie en Europe, partageant 85% de la production europ\u00e9enne avec l\u2019Italie et les Pays bas. Presque la moiti\u00e9 de cette production est fran\u00e7aise en 2014. La Bretagne et l\u2019Aquitaine concentrent plus de 35% de tout le cheptel national. Mais voil\u00e0, cette production <a href=\"https:\/\/www.latabledeseleveurs.fr\/blog\/la-france-toujours-premiere-productrice-de-viande-de-veau\/\"> lire la suite <span class=\"meta-nav\">&raquo;<\/span><\/a><\/p>\n","protected":false},"author":1,"featured_media":261,"comment_status":"open","ping_status":"open","sticky":false,"template":"","format":"standard","meta":{"footnotes":""},"categories":[9,14],"tags":[196,195,197,198,130,194,27,193,199],"class_list":["post-259","post","type-post","status-publish","format-standard","has-post-thumbnail","hentry","category-accueil","category-autour-de-la-viande","tag-aquitaine","tag-bretagne","tag-cheptel","tag-filiere-bouchere","tag-france","tag-production","tag-veau","tag-viande-de-veau","tag-vvf","author-admin","accueil","autour-de-la-viande"],"_links":{"self":[{"href":"https:\/\/www.latabledeseleveurs.fr\/blog\/wp-json\/wp\/v2\/posts\/259","targetHints":{"allow":["GET"]}}],"collection":[{"href":"https:\/\/www.latabledeseleveurs.fr\/blog\/wp-json\/wp\/v2\/posts"}],"about":[{"href":"https:\/\/www.latabledeseleveurs.fr\/blog\/wp-json\/wp\/v2\/types\/post"}],"author":[{"embeddable":true,"href":"https:\/\/www.latabledeseleveurs.fr\/blog\/wp-json\/wp\/v2\/users\/1"}],"replies":[{"embeddable":true,"href":"https:\/\/www.latabledeseleveurs.fr\/blog\/wp-json\/wp\/v2\/comments?post=259"}],"version-history":[{"count":1,"href":"https:\/\/www.latabledeseleveurs.fr\/blog\/wp-json\/wp\/v2\/posts\/259\/revisions"}],"predecessor-version":[{"id":262,"href":"https:\/\/www.latabledeseleveurs.fr\/blog\/wp-json\/wp\/v2\/posts\/259\/revisions\/262"}],"wp:featuredmedia":[{"embeddable":true,"href":"https:\/\/www.latabledeseleveurs.fr\/blog\/wp-json\/wp\/v2\/media\/261"}],"wp:attachment":[{"href":"https:\/\/www.latabledeseleveurs.fr\/blog\/wp-json\/wp\/v2\/media?parent=259"}],"wp:term":[{"taxonomy":"category","embeddable":true,"href":"https:\/\/www.latabledeseleveurs.fr\/blog\/wp-json\/wp\/v2\/categories?post=259"},{"taxonomy":"post_tag","embeddable":true,"href":"https:\/\/www.latabledeseleveurs.fr\/blog\/wp-json\/wp\/v2\/tags?post=259"}],"curies":[{"name":"wp","href":"https:\/\/api.w.org\/{rel}","templated":true}]}}