{"id":124,"date":"2015-09-08T15:42:22","date_gmt":"2015-09-08T15:42:22","guid":{"rendered":"http:\/\/latabledeseleveurs.fr\/blog\/?p=124"},"modified":"2015-09-08T15:42:22","modified_gmt":"2015-09-08T15:42:22","slug":"le-commerce-et-le-metier-de-boucher","status":"publish","type":"post","link":"https:\/\/www.latabledeseleveurs.fr\/blog\/le-commerce-et-le-metier-de-boucher\/","title":{"rendered":"Le commerce et le  m\u00e9tier de boucher"},"content":{"rendered":"<p>La boucherie, c\u2019est un commerce. Et comme dans tous les \u00e9tablissements de vente, le profit est primordial aussi bien pour p\u00e9renniser l\u2019affaire que pour pr\u00e9server une image saine du m\u00e9tier. La force de vente doit donc \u00eatre optimale. La r\u00e9ussite du commerce ne repose bien \u00e9videmment pas sur le boucher.<br \/>\nLa boucherie rapporte-t-elle ? <\/p>\n<p>Ce secteur reste parmi les plus rentables des m\u00e9tiers de bouche. Mais alors que plus de 90% des Fran\u00e7ais sont consommateurs de viande de b\u0153uf, le monde culinaire est de plus en plus gagn\u00e9 par le mode alimentaire \u00ab avec peu ou pas de viande \u00bb. Mais qu\u2019\u00e0 cela ne tienne ! Le march\u00e9 survit bien gr\u00e2ce \u00e0 la renomm\u00e9e de la viande fran\u00e7aise. Ce n\u2019est jamais parfait bien s\u00fbr, mais nos boucheries traditionnelles ont travers\u00e9 bien des crises. <\/p>\n<p><a href=\"http:\/\/latabledeseleveurs.fr\/blog\/wp-content\/uploads\/2015\/09\/mpoor-piglets-1519638-1278x.jpg\"><img loading=\"lazy\" decoding=\"async\" src=\"http:\/\/latabledeseleveurs.fr\/blog\/wp-content\/uploads\/2015\/09\/mpoor-piglets-1519638-1278x.jpg\" alt=\"\" title=\"mpoor-piglets-1519638-1278x\" width=\"400\" height=\"267\" class=\"aligncenter size-full wp-image-126\" srcset=\"https:\/\/www.latabledeseleveurs.fr\/blog\/wp-content\/uploads\/2015\/09\/mpoor-piglets-1519638-1278x.jpg 400w, https:\/\/www.latabledeseleveurs.fr\/blog\/wp-content\/uploads\/2015\/09\/mpoor-piglets-1519638-1278x-300x200.jpg 300w\" sizes=\"auto, (max-width: 400px) 100vw, 400px\" \/><\/a><\/p>\n<p>La boucherie-charcuterie est une issue ?<br \/>\nLa boucherie se porterait mieux en diversifiant l\u2019\u00e9tal. C\u2019est rationnel quand on sait qu\u2019on a affaire \u00e0 de nombreuses cat\u00e9gories de clients qui ont plusieurs besoins, id\u00e9es de recettes, niveaux de talent\u2026 Tant qu\u2019\u00e0 proposer de la viande, pourquoi ne pas en proposer sous toutes les formes ? Parmi les boucheries qui se sont redress\u00e9es apr\u00e8s moult difficult\u00e9s, la plupart proposent de la charcuterie.     <\/p>\n<p>La qualit\u00e9 est centrale.<br \/>\nC\u2019est ce qui fait basculer la balance. La passion du boucher, ses talents, son exp\u00e9rience\u2026 tout cela ne sert qu\u2019\u00e0 conserver la propri\u00e9t\u00e9 de cette denr\u00e9e \u00e0 contribuer \u00e0 la r\u00e9ussite de la recette. D\u2019autres principes sont bien entendu \u00e0 la base d\u2019un bon commerce : la v\u00e9rit\u00e9, la courtoisie\u2026 <\/p>\n","protected":false},"excerpt":{"rendered":"<p>La boucherie, c\u2019est un commerce. Et comme dans tous les \u00e9tablissements de vente, le profit est primordial aussi bien pour p\u00e9renniser l\u2019affaire que pour pr\u00e9server une image saine du m\u00e9tier. La force de vente doit donc \u00eatre optimale. La r\u00e9ussite du commerce ne repose bien \u00e9videmment pas sur le boucher. La boucherie rapporte-t-elle ? Ce <a href=\"https:\/\/www.latabledeseleveurs.fr\/blog\/le-commerce-et-le-metier-de-boucher\/\"> lire la suite <span class=\"meta-nav\">&raquo;<\/span><\/a><\/p>\n","protected":false},"author":1,"featured_media":125,"comment_status":"open","ping_status":"open","sticky":false,"template":"","format":"standard","meta":{"footnotes":""},"categories":[9,14],"tags":[73,74,75,78,76,34,77],"class_list":["post-124","post","type-post","status-publish","format-standard","has-post-thumbnail","hentry","category-accueil","category-autour-de-la-viande","tag-boucherie","tag-charcuterie","tag-commerce","tag-courtoisie","tag-metier-de-bouche","tag-qualite","tag-verite","author-admin","accueil","autour-de-la-viande"],"_links":{"self":[{"href":"https:\/\/www.latabledeseleveurs.fr\/blog\/wp-json\/wp\/v2\/posts\/124","targetHints":{"allow":["GET"]}}],"collection":[{"href":"https:\/\/www.latabledeseleveurs.fr\/blog\/wp-json\/wp\/v2\/posts"}],"about":[{"href":"https:\/\/www.latabledeseleveurs.fr\/blog\/wp-json\/wp\/v2\/types\/post"}],"author":[{"embeddable":true,"href":"https:\/\/www.latabledeseleveurs.fr\/blog\/wp-json\/wp\/v2\/users\/1"}],"replies":[{"embeddable":true,"href":"https:\/\/www.latabledeseleveurs.fr\/blog\/wp-json\/wp\/v2\/comments?post=124"}],"version-history":[{"count":2,"href":"https:\/\/www.latabledeseleveurs.fr\/blog\/wp-json\/wp\/v2\/posts\/124\/revisions"}],"predecessor-version":[{"id":128,"href":"https:\/\/www.latabledeseleveurs.fr\/blog\/wp-json\/wp\/v2\/posts\/124\/revisions\/128"}],"wp:featuredmedia":[{"embeddable":true,"href":"https:\/\/www.latabledeseleveurs.fr\/blog\/wp-json\/wp\/v2\/media\/125"}],"wp:attachment":[{"href":"https:\/\/www.latabledeseleveurs.fr\/blog\/wp-json\/wp\/v2\/media?parent=124"}],"wp:term":[{"taxonomy":"category","embeddable":true,"href":"https:\/\/www.latabledeseleveurs.fr\/blog\/wp-json\/wp\/v2\/categories?post=124"},{"taxonomy":"post_tag","embeddable":true,"href":"https:\/\/www.latabledeseleveurs.fr\/blog\/wp-json\/wp\/v2\/tags?post=124"}],"curies":[{"name":"wp","href":"https:\/\/api.w.org\/{rel}","templated":true}]}}